{"id":1865,"date":"2020-03-13T10:13:51","date_gmt":"2020-03-13T09:13:51","guid":{"rendered":"https:\/\/www.laysalvatorians.org\/update\/?p=1865"},"modified":"2020-03-13T10:13:51","modified_gmt":"2020-03-13T09:13:51","slug":"a-prayer-for-these-days-oracion-para-estos-dias","status":"publish","type":"post","link":"https:\/\/www.laysalvatorians.org\/update\/2020\/03\/13\/a-prayer-for-these-days-oracion-para-estos-dias\/","title":{"rendered":"A prayer for these days &#8211; oraci\u00f3n para estos d\u00edas"},"content":{"rendered":"<p>Fr. Agust\u00edn Van Baelen SDS, the General Secretary of the Society of the Divine Savior has prepared a prayer for these days of the CoVid 19 Pandemic. The prayer is in several languages available.<\/p>\n<p>El P. Agust\u00edn Van Baelen SDS, Secretario General de la Sociedad del Divino Salvador ha preparado una oraci\u00f3n para estos d\u00edas de la Pandemia CoVid 19. La oraci\u00f3n est\u00e1 disponible en varios idiomas.<\/p>\n<p><strong>&nbsp;<\/strong>[ezcol_1third]<\/p>\n<div id=\"ez-toc-container\" class=\"ez-toc-v2_0_82_2 counter-hierarchy ez-toc-counter ez-toc-grey ez-toc-container-direction\">\n<div class=\"ez-toc-title-container\">\n<p class=\"ez-toc-title\" style=\"cursor:inherit\">Table of Contents<\/p>\n<span class=\"ez-toc-title-toggle\"><a href=\"#\" class=\"ez-toc-pull-right ez-toc-btn ez-toc-btn-xs ez-toc-btn-default ez-toc-toggle\" aria-label=\"Toggle Table of Content\"><span class=\"ez-toc-js-icon-con\"><span class=\"\"><span class=\"eztoc-hide\" style=\"display:none;\">Toggle<\/span><span class=\"ez-toc-icon-toggle-span\"><svg style=\"fill: #999;color:#999\" xmlns=\"http:\/\/www.w3.org\/2000\/svg\" class=\"list-377408\" width=\"20px\" height=\"20px\" viewBox=\"0 0 24 24\" fill=\"none\"><path d=\"M6 6H4v2h2V6zm14 0H8v2h12V6zM4 11h2v2H4v-2zm16 0H8v2h12v-2zM4 16h2v2H4v-2zm16 0H8v2h12v-2z\" fill=\"currentColor\"><\/path><\/svg><svg style=\"fill: #999;color:#999\" class=\"arrow-unsorted-368013\" xmlns=\"http:\/\/www.w3.org\/2000\/svg\" width=\"10px\" height=\"10px\" viewBox=\"0 0 24 24\" version=\"1.2\" baseProfile=\"tiny\"><path d=\"M18.2 9.3l-6.2-6.3-6.2 6.3c-.2.2-.3.4-.3.7s.1.5.3.7c.2.2.4.3.7.3h11c.3 0 .5-.1.7-.3.2-.2.3-.5.3-.7s-.1-.5-.3-.7zM5.8 14.7l6.2 6.3 6.2-6.3c.2-.2.3-.5.3-.7s-.1-.5-.3-.7c-.2-.2-.4-.3-.7-.3h-11c-.3 0-.5.1-.7.3-.2.2-.3.5-.3.7s.1.5.3.7z\"\/><\/svg><\/span><\/span><\/span><\/a><\/span><\/div>\n<nav><ul class='ez-toc-list ez-toc-list-level-1 ' ><li class='ez-toc-page-1 ez-toc-heading-level-3'><a class=\"ez-toc-link ez-toc-heading-1\" href=\"https:\/\/www.laysalvatorians.org\/update\/2020\/03\/13\/a-prayer-for-these-days-oracion-para-estos-dias\/#Italiano\" >Italiano<\/a><\/li><li class='ez-toc-page-1 ez-toc-heading-level-3'><a class=\"ez-toc-link ez-toc-heading-2\" href=\"https:\/\/www.laysalvatorians.org\/update\/2020\/03\/13\/a-prayer-for-these-days-oracion-para-estos-dias\/#Espanol\" >Espa\u00f1ol<\/a><\/li><li class='ez-toc-page-1 ez-toc-heading-level-3'><a class=\"ez-toc-link ez-toc-heading-3\" href=\"https:\/\/www.laysalvatorians.org\/update\/2020\/03\/13\/a-prayer-for-these-days-oracion-para-estos-dias\/#Francais\" >Fran\u00e7ais<\/a><\/li><li class='ez-toc-page-1 ez-toc-heading-level-3'><a class=\"ez-toc-link ez-toc-heading-4\" href=\"https:\/\/www.laysalvatorians.org\/update\/2020\/03\/13\/a-prayer-for-these-days-oracion-para-estos-dias\/#English\" >English<\/a><\/li><li class='ez-toc-page-1 ez-toc-heading-level-3'><a class=\"ez-toc-link ez-toc-heading-5\" href=\"https:\/\/www.laysalvatorians.org\/update\/2020\/03\/13\/a-prayer-for-these-days-oracion-para-estos-dias\/#Deutsch\" >Deutsch<\/a><\/li><li class='ez-toc-page-1 ez-toc-heading-level-3'><a class=\"ez-toc-link ez-toc-heading-6\" href=\"https:\/\/www.laysalvatorians.org\/update\/2020\/03\/13\/a-prayer-for-these-days-oracion-para-estos-dias\/#Polski\" >Polski<\/a><\/li><li class='ez-toc-page-1 ez-toc-heading-level-3'><a class=\"ez-toc-link ez-toc-heading-7\" href=\"https:\/\/www.laysalvatorians.org\/update\/2020\/03\/13\/a-prayer-for-these-days-oracion-para-estos-dias\/#Portugues\" >Portugu\u00eas<\/a><\/li><li class='ez-toc-page-1 ez-toc-heading-level-3'><a class=\"ez-toc-link ez-toc-heading-8\" href=\"https:\/\/www.laysalvatorians.org\/update\/2020\/03\/13\/a-prayer-for-these-days-oracion-para-estos-dias\/#Kiswahili\" >Kiswahili<\/a><\/li><li class='ez-toc-page-1 ez-toc-heading-level-3'><a class=\"ez-toc-link ez-toc-heading-9\" href=\"https:\/\/www.laysalvatorians.org\/update\/2020\/03\/13\/a-prayer-for-these-days-oracion-para-estos-dias\/#Viet_Nam\" >Vi\u1ec7t Nam<\/a><\/li><li class='ez-toc-page-1 ez-toc-heading-level-3'><a class=\"ez-toc-link ez-toc-heading-10\" href=\"https:\/\/www.laysalvatorians.org\/update\/2020\/03\/13\/a-prayer-for-these-days-oracion-para-estos-dias\/#Vlaams\" >Vlaams<\/a><\/li><\/ul><\/nav><\/div>\n<h3 style=\"text-align: center;\"><span class=\"ez-toc-section\" id=\"Italiano\"><\/span><strong>Italiano<\/strong><span class=\"ez-toc-section-end\"><\/span><\/h3>\n<p>[\/ezcol_1third] [ezcol_2third_end]<\/p>\n<p>Dio della Salvezza,<br \/>\nci rivolgiamo a te con una preghiera per invocare protezione e guarigione<br \/>\nin questo tempo in cui il Coronavirus si sta diffondendo.<br \/>\nAiuta coloro che sono ammalati.<br \/>\nConcedi pazienza a tutti coloro che vivono in quarantena.<br \/>\nD\u00e1 forza a tutti coloro che si prendono cura degli altri.<br \/>\nIspiri gli scienziati nella loro ricerca.<br \/>\nRafforza tra noi il senso dello stare insieme,<br \/>\nfa in modo che nessuno sia abbandonato.<br \/>\nLascia che tutti si sentano al sicuro<br \/>\ninsieme a Te che sei la Compassione.<br \/>\nPer intercessione della Beata Maria degli Apostoli<br \/>\ne P. Francesco Jordan,<br \/>\nTi ringraziamo, Dio presente e fedele,<br \/>\nche vivi e ami nei secoli dei secoli.<br \/>\nAmen.<\/p>\n<p>[\/ezcol_2third_end]<!--more--><\/p>\n<p>[ezcol_2third]<\/p>\n<p style=\"text-align: right;\">Dios de Salvaci\u00f3n<br \/>\nnos dirigimos a Ti con una oraci\u00f3n por la protecci\u00f3n y la cura<br \/>\nahora que el coronavirus se est\u00e1 difundiendo.<br \/>\nAyuda a aquellos que est\u00e1n enfermos,<br \/>\nconcede paciencia a aquellos que viven en cuarentena,<br \/>\ny da fuerza a todos los que cuidan a los dem\u00e1s,<br \/>\ninspira a los cient\u00edficos en sus investigaciones.<br \/>\nFortalece entre nosotros el sentido de estar juntos,<br \/>\nque ninguno sea abandonado,<br \/>\nque todos se sientan seguros<br \/>\njuntos y contigo que eres la mism\u00edsima compasi\u00f3n.<br \/>\nPor la intercesi\u00f3n de la Beata Mar\u00eda de los Ap\u00f3stoles<br \/>\ny el P. Francisco Jord\u00e1n,<br \/>\nte damos gracias, Dios presente y fiel,<br \/>\ntu que vives y amas por los siglos de los siglos.<\/p>\n<p style=\"text-align: right;\">Am\u00e9n.<strong>&nbsp;<\/strong><strong>&nbsp;<\/strong><\/p>\n<p>[\/ezcol_2third] [ezcol_1third_end]<\/p>\n<h3 style=\"text-align: center;\"><span class=\"ez-toc-section\" id=\"Espanol\"><\/span><strong>Espa\u00f1ol<\/strong><span class=\"ez-toc-section-end\"><\/span><\/h3>\n<p>[\/ezcol_1third_end]<\/p>\n<p>[ezcol_1third]<\/p>\n<h3 style=\"text-align: center;\"><span class=\"ez-toc-section\" id=\"Francais\"><\/span><strong>Fran\u00e7ais<\/strong><span class=\"ez-toc-section-end\"><\/span><\/h3>\n<p>[\/ezcol_1third] [ezcol_2third_end]<\/p>\n<p>Dieu du salut<br \/>\nnous nous tournons vers vous avec une pri\u00e8re de protection et gu\u00e9rison<br \/>\nmaintenant que le coronavirus se propage.<br \/>\nAidez ceux qui sont malades.<br \/>\nAccordez de la patience \u00e0 ceux qui vivent en quarantaine.<br \/>\nDonnez de la force \u00e0 tous ceux prodiguent les soins n\u00e9cessaires.<br \/>\nInspirez les scientifiques \u00e0 proposer de nouvelles d\u00e9couvertes.<br \/>\nRenforcez entre nous le sentiment d\u2019unit\u00e9.<br \/>\nQue personne ne soit abandonn\u00e9,<br \/>\nlaissez tout le monde se sentir en s\u00e9curit\u00e9<br \/>\nensemble et avec vous que parce que vous \u00eates compassion.<br \/>\nPar l&#8217;intercession de la Bienheureuse Marie des Ap\u00f4tres<br \/>\net le p\u00e8re Fran\u00e7ois Jordan,<br \/>\nnous vous remercions, Dieu pr\u00e9sent et fid\u00e8le,<br \/>\nVous qui vivez et aimez pour les si\u00e8cles des si\u00e8cles.<\/p>\n<p>Amen.<\/p>\n<p>[\/ezcol_2third_end]<strong>&nbsp;<\/strong><\/p>\n<p>[ezcol_2third]<\/p>\n<p style=\"text-align: right;\">God of Salvation,<br \/>\nWe turn to you with a prayer for protection and healing<br \/>\nas the coronavirus is spreading.<br \/>\nHelp those who are sick as a result.<br \/>\nGrant patience to those who live in quarantine.<br \/>\nGive strength to all who give the cautiously care.<br \/>\nInspire scientists in their research.<br \/>\nStrengthen between us the sense of togetherness.<br \/>\nLet no one be abandoned,<br \/>\nmake everyone feel safe together and with You,<br \/>\nbecause You are compassion.<br \/>\nThrough the intercession of Blessed Mary of the Apostles<br \/>\nand Fr. Francis Jordan,<br \/>\nwe thank you, present and faithful God,<br \/>\nYou who live and love for ever and ever.<\/p>\n<p style=\"text-align: right;\">Amen.<\/p>\n<p>[\/ezcol_2third] [ezcol_1third_end]<\/p>\n<h3 style=\"text-align: center;\"><span class=\"ez-toc-section\" id=\"English\"><\/span><strong>English<\/strong><span class=\"ez-toc-section-end\"><\/span><\/h3>\n<p>[\/ezcol_1third_end]<\/p>\n<p>[ezcol_1third]<\/p>\n<h3 style=\"text-align: center;\"><span class=\"ez-toc-section\" id=\"Deutsch\"><\/span><strong>Deutsch<\/strong><span class=\"ez-toc-section-end\"><\/span><\/h3>\n<p>[\/ezcol_1third] [ezcol_2third_end]<\/p>\n<p>Heilender Gott,<br \/>\nWir wenden uns mit einem Gebet um Genesung und Schutz an Dich<br \/>\njetzt, wo sich das Coronavirus gnadenlos verbreitet.<br \/>\nHelfe den Kranken,<br \/>\ngew\u00e4hre denen, die in Quarant\u00e4ne leben, Geduld.<br \/>\nGib allen die Kraft, die sich um andere k\u00fcmmern und sie pflegen,<br \/>\nInspiriere die Wissenschaftler, in ihren Forschungen.<br \/>\nSt\u00e4rke zwischen uns das Gef\u00fchl der Zusammengeh\u00f6rigkeit.<br \/>\nLass sich niemand abgeschoben, sondern sich alle gemeinsam<\/p>\n<p>in Deiner Gnade sicher f\u00fchlen,<br \/>\ndenn Du bist uns immer mitf\u00fchlend nahe.<br \/>\nAuf die F\u00fcrsprache der seligen Maria von den Aposteln<br \/>\nund Pater Franziskus Jordan,<br \/>\ndanken wir Dir, gegenw\u00e4rtiger und treuer Gott,<br \/>\nder Du f\u00fcr immer und ewig lebst und liebst.<\/p>\n<p>Amen.<\/p>\n<p>[\/ezcol_2third_end]<strong>&nbsp;<\/strong><\/p>\n<p>[ezcol_2third]<\/p>\n<p style=\"text-align: right;\">Bo\u017ce zbawienia,<br \/>\nzwracamy si\u0119 do Ciebie z modlitw\u0105 o ochron\u0119 i uzdrowienie,<br \/>\ngdy korona wirus si\u0119 rozprzestrzenia.<br \/>\nPom\u00f3\u017c tym, kt\u00f3rzy w wyniku tego s\u0105 chorzy.<br \/>\nDaj cierpliwo\u015b\u0107 tym, kt\u00f3rzy \u017cyj\u0105 w kwarantannie.<br \/>\nDaj si\u0142\u0119 wszystkim, kt\u00f3rzy zapewniaj\u0105 potrzebn\u0105 opiek\u0119.<br \/>\nInspiruj naukowc\u00f3w do nowych odkry\u0107.<br \/>\nWzmocnij mi\u0119dzy nami poczucie wsp\u00f3lnoty.<br \/>\nNiech nikt nie zostanie opuszczony,<br \/>\nniech wszyscy czuj\u0105 si\u0119 bezpiecznie razem i z Tob\u0105,<br \/>\nbo Ty jeste\u015b wsp\u00f3\u0142czuj\u0105cy.<br \/>\nZa wstawiennictwem B\u0142ogos\u0142awionej Maryi Marii Aposto\u0142\u00f3w<br \/>\ni O. Franciszka Jordana, dzi\u0119kujemy Ci, obecny i wierny Bo\u017ce,<br \/>\nTy, kt\u00f3ry \u017cyjesz i kochasz na wieki wiek\u00f3w.<\/p>\n<p style=\"text-align: right;\">Amen.<\/p>\n<p>[\/ezcol_2third] [ezcol_1third_end]<\/p>\n<h3 style=\"text-align: center;\"><span class=\"ez-toc-section\" id=\"Polski\"><\/span><strong>Polski<\/strong><span class=\"ez-toc-section-end\"><\/span><\/h3>\n<p>[\/ezcol_1third_end]<strong>&nbsp;<\/strong><\/p>\n<p>[ezcol_1third]<\/p>\n<h3 style=\"text-align: center;\"><span class=\"ez-toc-section\" id=\"Portugues\"><\/span><strong>Portugu\u00eas<\/strong><span class=\"ez-toc-section-end\"><\/span><\/h3>\n<p>[\/ezcol_1third] [ezcol_2third_end]<\/p>\n<p>\u00d3 Deus de Bondade e Miseric\u00f3rdia,<br \/>\nneste tempo dif\u00edcil de epidemia coronav\u00edrus,<br \/>\nnossa prece a V\u00f3s dirigimos pedindo ajuda, prote\u00e7\u00e3o e cura.<br \/>\nDai-nos compaix\u00e3o para estar ao lados do que est\u00e3o doentes.<br \/>\nConceda persist\u00eancia \u00e0queles que precisam permanecer em quarentena.<br \/>\nDai for\u00e7a ao que se dedicam em prestar socorro sem esmorecer.<br \/>\nInspira aos cientistas em descobrir prontamente o rem\u00e9dio que cura.<br \/>\nFortalece entre n\u00f3s o sentido de responsabilidade e de solidariedade.<br \/>\nPor teu amor misericordioso, que ningu\u00e9m fique abandonado,<br \/>\nque ningu\u00e9m se prive de nossa comunh\u00e3o<br \/>\ne de nossa m\u00e3o estendida aos que mais est\u00e3o sofrendo.<br \/>\nTudo isso Vos pedimos por intercess\u00e3o<br \/>\nda Bem-Aventurada Maria dos Ap\u00f3stolos<br \/>\ne do vener\u00e1vel Padre Francisco Jordan.<br \/>\nVos que viveis e reinais pelos s\u00e9culos dos s\u00e9culos.<\/p>\n<p>Am\u00e9m<\/p>\n<p>[\/ezcol_2third_end]<strong>&nbsp;<\/strong><\/p>\n<p>[ezcol_2third]<\/p>\n<p style=\"text-align: right;\">Mungu wa Wokovu,<br \/>\nTunakugeukia kwa sala ya kinga na&nbsp; ya uponyaji<br \/>\nsasa, kwa kuwa coronavirus inaenea.<br \/>\nSaidia wale ambao ni wagonjwa.<br \/>\nwajalie uvumilivu&nbsp; wale ambao wanaishi katika karantini.<br \/>\nwape nguvu&nbsp; wote wanaopeana huduma inayohitajika.<br \/>\nimiza wanasayansi wapate uvumbuzi mpya.<br \/>\nimarisha umoja kati yetu,<br \/>\nMtu yeyote asiachwe,<br \/>\nfanya kila mtu ahisi salama pamoja na Wewe,<br \/>\nkwa sababu Wewe ni mwenye huruma.<br \/>\nKupitia maombezi ya Mwenye&nbsp; Heri Maria wa Mitume<br \/>\nna ya Padri Francis Jordan,<br \/>\ntunakushukuru, Mungu kwa kuwa daima u mwaminifu.<br \/>\nWewe ambaye unaishi na kupenda milele na milele.<\/p>\n<p style=\"text-align: right;\">Amina.<\/p>\n<p>[\/ezcol_2third] [ezcol_1third_end]<\/p>\n<h3 style=\"text-align: center;\"><span class=\"ez-toc-section\" id=\"Kiswahili\"><\/span><strong>Kiswahili<\/strong><span class=\"ez-toc-section-end\"><\/span><\/h3>\n<p>[\/ezcol_1third_end]<strong>&nbsp;<\/strong><\/p>\n<p>[ezcol_1third]<\/p>\n<h3 style=\"text-align: center;\"><span class=\"ez-toc-section\" id=\"Viet_Nam\"><\/span><strong><i title=\"Vietnamese language text\" lang=\"vi\">Vi\u1ec7t Nam<\/i><\/strong><span class=\"ez-toc-section-end\"><\/span><\/h3>\n<p>[\/ezcol_1third] [ezcol_2third_end]<\/p>\n<p>Lay \u00d0\u00e2ng C\u1ee9u Chuoc,<br \/>\nCh\u00fang con h\u01b0\u1edbng v\u1ec1 Ngai v\u1edbi m\u1ed9t l\u1eddi c\u1ea7u xin \u0111\u1ec3 b\u1ea3o v\u1ec7 v\u00e0 ch\u1eefa l\u00e0nh<br \/>\nbenh coronavirus \u0111ang lan r\u1ed9ng.<br \/>\nXin gi\u00fap cho nh\u1eefng ng\u01b0\u1eddi b\u1ecb b\u1ec7nh nh\u01b0 l\u00e0 ket qua.<br \/>\nxin h\u00e3y ki\u00ean nh\u1eabn voi nh\u1eefng ng\u01b0\u1eddi dang s\u1ed1ng c\u00e1ch ly.<br \/>\nBan s\u1ee9c m\u1ea1nh cho t\u1ea5t c\u1ea3 nh\u1eefng ng\u01b0\u1eddi voi s\u1ef1 ch\u0103m s\u00f3c c\u1ea7n thi\u1ebft.<br \/>\nTruy\u1ec1n dong luc cho c\u00e1c nh\u00e0 khoa h\u1ecdc \u0111\u1ec3 ho \u0111\u01b0a ra nh\u1eefng kh\u00e1m ph\u00e1 m\u1edbi.<br \/>\nT\u0103ng suc manh gi\u1eefa ch\u00fang con de chung con co \u00fd th\u1ee9c v\u1ec1 s\u1ef1 g\u1eafn k\u1ebft v\u1edbi nhau.<br \/>\nXin dung de ai b\u1ecb b\u1ecf r\u01a1i,<br \/>\nXin l\u00e0m cho m\u1ecdi ng\u01b0\u1eddi c\u1ea3m nhan duoc su binh an v\u1edbi nhau v\u00e0 v\u1edbi chinh Ngai,<br \/>\nb\u1edfi v\u00ec Ngai l\u00e0 dang t\u1eeb bi<br \/>\nNh\u1edd loi chuyen cau c\u1ee7a \u0110\u1ee9c Maria Me cua c\u00e1c Thanh T\u00f4ng \u0111\u1ed3<br \/>\nv\u00e0 cha Phanxic\u00f4 Jordan,<br \/>\nch\u00fang con c\u1ea3m \u01a1n Ngai, Ngai lacThi\u00ean Ch\u00faa cua hien tai va trung tin.<br \/>\nNgai l\u00e0 Dang su s\u1ed1ng v\u00e0 tinh y\u00eau m\u00e3i m\u00e3i den muon doi.<\/p>\n<p>Amen.<\/p>\n<p>[\/ezcol_2third_end]<strong>&nbsp;<\/strong><\/p>\n<p>[ezcol_2third]<\/p>\n<p style=\"text-align: right;\">God van heil,<br \/>\nwij keren ons tot U met een gebed voor bescherming en genezing<br \/>\nnu het coronavirus zich genadeloos verspreidt.<br \/>\nSta hen die ziek zijn bij.<br \/>\nSchenk geduld aan hen die in quarantaine wonen.<br \/>\nGeef kracht aan allen die behoedzaam verzorging geven.<br \/>\nInspireer wetenschappers in hun onderzoek.<br \/>\nVersterk het samenhorigheidsgevoel onder ons;<br \/>\ndat niemand in de steek gelaten wordt,<br \/>\nen iedereen zich geborgen voelt bij de anderen en bij U,<br \/>\nomdat Gij zelf Bewogenheid zijt.<br \/>\nOp voorspraak van de zalige Maria van de Apostelen<br \/>\nen P. Frans Jordan,<br \/>\ndanken wij u, aanwezige en getrouwe God,<br \/>\ndie leeft en liefhebt tot in eeuwigheid.<\/p>\n<p style=\"text-align: right;\">Amen &nbsp;&nbsp;[\/ezcol_2third]<\/p>\n<p>[ezcol_1third_end]<\/p>\n<h3 style=\"text-align: center;\"><span class=\"ez-toc-section\" id=\"Vlaams\"><\/span><strong>Vlaams<\/strong><span class=\"ez-toc-section-end\"><\/span><\/h3>\n<p>[\/ezcol_1third_end]<\/p>\n<p><a href=\"https:\/\/www.laysalvatorians.org\/update\/archives\/1865\/image-20\" rel=\"attachment wp-att-1885\"><img srcset=\"https:\/\/www.laysalvatorians.org\/update\/wp-content\/uploads\/Image-20-150x87.png 150w, https:\/\/www.laysalvatorians.org\/update\/wp-content\/uploads\/Image-20-300x51.png 300w, https:\/\/www.laysalvatorians.org\/update\/wp-content\/uploads\/Image-20.png 512w\" sizes=\"(min-width: 300px) 512px, (min-width: 150px) 300px, 150px\" class=\"aligncenter wp-image-1885 size-full\" style=\"border: 0px solid #000000;\" alt=\"\" width=\"512\" height=\"87\"><\/a><\/p>\n","protected":false},"excerpt":{"rendered":"<p>Fr. Agust\u00edn Van Baelen SDS, the General Secretary of the Society of the Divine Savior has prepared a prayer for these days of the CoVid 19 Pandemic. The prayer is in several languages available. El P. Agust\u00edn Van Baelen SDS, &hellip;<\/p>\n<p><a href=\"https:\/\/www.laysalvatorians.org\/update\/2020\/03\/13\/a-prayer-for-these-days-oracion-para-estos-dias\/\"><span class=\"btn btn-default\">Continue Reading<span class=\"meta-nav\">&rarr;<\/span><\/span><\/a><\/p>\n","protected":false},"author":1,"featured_media":0,"comment_status":"open","ping_status":"open","sticky":false,"template":"","format":"standard","meta":{"ngg_post_thumbnail":0,"footnotes":""},"categories":[19,23],"tags":[154,156],"class_list":["post-1865","post","type-post","status-publish","format-standard","hentry","category-news","category-prayer","tag-pray","tag-prayer"],"post_mailing_queue_ids":[],"_links":{"self":[{"href":"https:\/\/www.laysalvatorians.org\/update\/wp-json\/wp\/v2\/posts\/1865","targetHints":{"allow":["GET"]}}],"collection":[{"href":"https:\/\/www.laysalvatorians.org\/update\/wp-json\/wp\/v2\/posts"}],"about":[{"href":"https:\/\/www.laysalvatorians.org\/update\/wp-json\/wp\/v2\/types\/post"}],"author":[{"embeddable":true,"href":"https:\/\/www.laysalvatorians.org\/update\/wp-json\/wp\/v2\/users\/1"}],"replies":[{"embeddable":true,"href":"https:\/\/www.laysalvatorians.org\/update\/wp-json\/wp\/v2\/comments?post=1865"}],"version-history":[{"count":0,"href":"https:\/\/www.laysalvatorians.org\/update\/wp-json\/wp\/v2\/posts\/1865\/revisions"}],"wp:attachment":[{"href":"https:\/\/www.laysalvatorians.org\/update\/wp-json\/wp\/v2\/media?parent=1865"}],"wp:term":[{"taxonomy":"category","embeddable":true,"href":"https:\/\/www.laysalvatorians.org\/update\/wp-json\/wp\/v2\/categories?post=1865"},{"taxonomy":"post_tag","embeddable":true,"href":"https:\/\/www.laysalvatorians.org\/update\/wp-json\/wp\/v2\/tags?post=1865"}],"curies":[{"name":"wp","href":"https:\/\/api.w.org\/{rel}","templated":true}]}}