{"id":474,"date":"2020-04-01T00:01:12","date_gmt":"2020-03-31T22:01:12","guid":{"rendered":"https:\/\/www.laysalvatorians.org\/spiritual\/?p=474"},"modified":"2020-03-31T18:30:35","modified_gmt":"2020-03-31T16:30:35","slug":"icds-way-of-the-cross-2020-5","status":"publish","type":"post","link":"https:\/\/www.laysalvatorians.org\/spiritual\/icds-way-of-the-cross-2020-5\/","title":{"rendered":"ICDS Way of the Cross &#8211; 2020\/5"},"content":{"rendered":"\n\n<div class=\"kk-star-ratings kksr-auto kksr-align-right kksr-valign-top\"\n    data-payload='{&quot;align&quot;:&quot;right&quot;,&quot;id&quot;:&quot;474&quot;,&quot;slug&quot;:&quot;default&quot;,&quot;valign&quot;:&quot;top&quot;,&quot;ignore&quot;:&quot;&quot;,&quot;reference&quot;:&quot;auto&quot;,&quot;class&quot;:&quot;&quot;,&quot;count&quot;:&quot;0&quot;,&quot;legendonly&quot;:&quot;&quot;,&quot;readonly&quot;:&quot;&quot;,&quot;score&quot;:&quot;0&quot;,&quot;starsonly&quot;:&quot;&quot;,&quot;best&quot;:&quot;5&quot;,&quot;gap&quot;:&quot;5&quot;,&quot;greet&quot;:&quot;Rate this post&quot;,&quot;legend&quot;:&quot;0\\\/5 - (0 votes)&quot;,&quot;size&quot;:&quot;24&quot;,&quot;title&quot;:&quot;ICDS Way of the Cross - 2020\\\/5&quot;,&quot;width&quot;:&quot;0&quot;,&quot;_legend&quot;:&quot;{score}\\\/{best} - ({count} {votes})&quot;,&quot;font_factor&quot;:&quot;1.25&quot;}'>\n            \n<div class=\"kksr-stars\">\n    \n<div class=\"kksr-stars-inactive\">\n            <div class=\"kksr-star\" data-star=\"1\" style=\"padding-right: 5px\">\n            \n\n<div class=\"kksr-icon\" style=\"width: 24px; height: 24px;\"><\/div>\n        <\/div>\n            <div class=\"kksr-star\" data-star=\"2\" style=\"padding-right: 5px\">\n            \n\n<div class=\"kksr-icon\" style=\"width: 24px; height: 24px;\"><\/div>\n        <\/div>\n            <div class=\"kksr-star\" data-star=\"3\" style=\"padding-right: 5px\">\n            \n\n<div class=\"kksr-icon\" style=\"width: 24px; height: 24px;\"><\/div>\n        <\/div>\n            <div class=\"kksr-star\" data-star=\"4\" style=\"padding-right: 5px\">\n            \n\n<div class=\"kksr-icon\" style=\"width: 24px; height: 24px;\"><\/div>\n        <\/div>\n            <div class=\"kksr-star\" data-star=\"5\" style=\"padding-right: 5px\">\n            \n\n<div class=\"kksr-icon\" style=\"width: 24px; height: 24px;\"><\/div>\n        <\/div>\n    <\/div>\n    \n<div class=\"kksr-stars-active\" style=\"width: 0px;\">\n            <div class=\"kksr-star\" style=\"padding-right: 5px\">\n            \n\n<div class=\"kksr-icon\" style=\"width: 24px; height: 24px;\"><\/div>\n        <\/div>\n            <div class=\"kksr-star\" style=\"padding-right: 5px\">\n            \n\n<div class=\"kksr-icon\" style=\"width: 24px; height: 24px;\"><\/div>\n        <\/div>\n            <div class=\"kksr-star\" style=\"padding-right: 5px\">\n            \n\n<div class=\"kksr-icon\" style=\"width: 24px; height: 24px;\"><\/div>\n        <\/div>\n            <div class=\"kksr-star\" style=\"padding-right: 5px\">\n            \n\n<div class=\"kksr-icon\" style=\"width: 24px; height: 24px;\"><\/div>\n        <\/div>\n            <div class=\"kksr-star\" style=\"padding-right: 5px\">\n            \n\n<div class=\"kksr-icon\" style=\"width: 24px; height: 24px;\"><\/div>\n        <\/div>\n    <\/div>\n<\/div>\n                \n\n<div class=\"kksr-legend\" style=\"font-size: 19.2px;\">\n            <span class=\"kksr-muted\">Rate this post<\/span>\n    <\/div>\n    <\/div>\n<p style=\"text-align: center;\"><a href=\"#header 1\">English <\/a>&#8211; <a href=\"#header2\">Espa\u00f1ol<\/a> &#8211; <a href=\"#header3\">Deutsch<\/a> &#8211; <a href=\"#header4\">Vlaams<\/a> &#8211; <a href=\"#header5\">Fran\u00e7ais<\/a><\/p>\n<h3><a id=\"header1\"><\/a>English<\/h3>\n<h3><span style=\"font-family: Trebuchet MS,Geneva; color: #0000ff;\"><i><b><span lang=\"de-AT\">Station 5: <\/span><\/b><\/i><i><b><\/b><\/i><i><b>Simon helps Jesus to carry the cross<\/b><\/i><\/span><\/h3>\n<h3><i><b>&nbsp;<\/b><\/i><\/h3>\n<p>&nbsp;<\/p>\n<h4 align=\"left\"><img loading=\"lazy\" decoding=\"async\" class=\"aligncenter wp-image-489 size-medium\" src=\"https:\/\/www.laysalvatorians.org\/spiritual\/wp-content\/uploads\/2020\/03\/05.-Station-300x296.png\" alt=\"\" width=\"300\" height=\"296\" srcset=\"https:\/\/www.laysalvatorians.org\/spiritual\/wp-content\/uploads\/2020\/03\/05.-Station-300x296.png 300w, https:\/\/www.laysalvatorians.org\/spiritual\/wp-content\/uploads\/2020\/03\/05.-Station.png 434w\" sizes=\"auto, (max-width: 300px) 100vw, 300px\" \/><\/h4>\n<p>&nbsp;<\/p>\n<h4 lang=\"de-AT\" align=\"justify\"><span style=\"font-family: Trebuchet MS,Geneva; font-size: 12pt; color: #0000ff;\"><b>Going Along With <\/b><b> &#8230;<\/b><\/span><\/h4>\n<p align=\"justify\">\u201e<span lang=\"en-US\"><i>They pressed into service a passer-by, Simon, a Cyrenian, who was coming in from the country, the father of Alexander and Rufus, to carry his cross.\u201c<\/i><\/span><i> <\/i><span lang=\"de-AT\"> (Mark 15:21)<\/span><\/p>\n<p lang=\"de-AT\" align=\"justify\"><span style=\"font-family: Trebuchet MS,Geneva;\">The way of Jesus crosses with the way of the surprised farmer Simon. He is perhaps tired from work and on his way home. Now he is to bear the execution beam of a &#8220;criminal&#8221;. Simon has no idea who this condemned man is and how he finds himself so suddenly and inexperienced in this situation. Faced with the surrounding violence, without question he takes the heavy beam on himself and accompanies Jesus on his last journey.<\/span><!--more--><\/p>\n<p lang=\"de-AT\" align=\"justify\"><span style=\"font-family: Trebuchet MS,Geneva;\">Many people provide daily help more or less voluntarily, accompany the sick or dying people in their difficult hours &#8211; sometimes with little or no thanks. The above story tells us that Simon was changed by this (co-)support. How are we changed if we do not leave others alone with their burden? When we without asking hard questions &#8211; stand by the side of those who are burdened? When we are (simply) there, taking the burden upon ourselves and carrying it with us?<\/span><\/p>\n<p lang=\"de-AT\" align=\"justify\"><i>&#8220;A sorrow shared is a sorrow halved.&#8221; In these words, you give me, Lord, to a new motivation here. For where suffering is distributed among many, it becomes bearable again for the individual. I ask You once again for strength and courage to live solidarity, because it pays off &#8211; for ALL.<\/i><\/p>\n<p>&nbsp;<\/p>\n<p><img loading=\"lazy\" decoding=\"async\" class=\"aligncenter wp-image-434 size-medium\" style=\"border: 0px solid #000000;\" src=\"https:\/\/www.laysalvatorians.org\/spiritual\/wp-content\/uploads\/2020\/03\/Image11-300x23.png\" alt=\"\" width=\"300\" height=\"23\" srcset=\"https:\/\/www.laysalvatorians.org\/spiritual\/wp-content\/uploads\/2020\/03\/Image11-300x23.png 300w, https:\/\/www.laysalvatorians.org\/spiritual\/wp-content\/uploads\/2020\/03\/Image11.png 694w\" sizes=\"auto, (max-width: 300px) 100vw, 300px\" \/><\/p>\n<h3 align=\"justify\"><a id=\"header2\"><\/a>Espa\u00f1ol<\/h3>\n<h3 align=\"justify\"><em><strong><span style=\"font-family: Trebuchet MS,Geneva; color: #0000ff;\">Estaci\u00f3n 5: Sim\u00f3n ayuda a Jes\u00fas a llevar la cruz<\/span><\/strong><br \/>\n<\/em><\/h3>\n<h4 lang=\"de-DE\" align=\"justify\"><span style=\"font-family: Trebuchet MS,Geneva; font-size: 12pt; color: #0000ff;\"><span lang=\"de-AT\"><b>Junto con &#8230;<\/b><\/span> <\/span><\/h4>\n<p align=\"justify\"><i>&#8220;En ese momento, un tal Sim\u00f3n de Cirene, que es el padre de Alejandro y de Rufo, volv\u00eda del campo; los soldados le obligaron a que llevara la cruz de Jes\u00fas&#8221;<\/i> (Marcos 15:21)<\/p>\n<p align=\"justify\"><span style=\"font-family: Trebuchet MS,Geneva;\">El camino de Jes\u00fas se cruza con el camino del sorprendido granjero Sim\u00f3n. Quiz\u00e1s est\u00e9 cansado del trabajo y de camino a casa. Ahora debe soportar el rayo de ejecuci\u00f3n de un &#8220;criminal&#8221;. Sim\u00f3n no tiene idea de qui\u00e9n es este condenado a muerte y c\u00f3mo se encuentra tan repentino e inexperto en esta situaci\u00f3n. Enfrentado a la violencia que lo rodea, \u00e9l, sin duda, toma el pesado tronco sobre s\u00ed mismo y acompa\u00f1a a Jes\u00fas en su \u00faltimo viaje.<\/span><\/p>\n<p align=\"justify\"><span style=\"font-family: Trebuchet MS,Geneva;\">Muchas personas brindan ayuda diaria de manera m\u00e1s o menos voluntaria, acompa\u00f1an a personas enfermas o moribundas en sus horas dif\u00edciles, a veces con poco o ning\u00fan agradecimiento. La historia anterior nos dice que Sim\u00f3n fue cambiado por este co-apoyo. \u00bfC\u00f3mo cambiamos y no dejamos a otros solos con su carga? Cuando nosotros, sin hacer largas preguntas, \u00bfestamos al lado de aquellos que est\u00e1n agobiados? \u00bfCu\u00e1ndo estamos (simplemente) all\u00ed, tomando la carga sobre nosotros mismos y llev\u00e1ndola con nosotros?<\/span><\/p>\n<p align=\"justify\"><i>&#8220;Un dolor compartido es un dolor reducido a la mitad&#8221; &#8211; En estas palabras, me das, Se\u00f1or, una nueva motivaci\u00f3n aqu\u00ed. Porque donde el sufrimiento se distribuye entre muchos, vuelve a ser soportable para el individuo. Te pido una vez m\u00e1s fuerza y \u200b\u200bcoraje para vivir la solidaridad, porque vale la pena, para TODOS.<\/i><\/p>\n<p align=\"justify\"><span style=\"color: #800000;\"><em>&nbsp;<\/em><\/span><\/p>\n<p align=\"justify\"><img loading=\"lazy\" decoding=\"async\" class=\"aligncenter wp-image-434 size-medium\" style=\"border: 0px solid #000000;\" src=\"https:\/\/www.laysalvatorians.org\/spiritual\/wp-content\/uploads\/2020\/03\/Image11-300x23.png\" alt=\"\" width=\"300\" height=\"23\" srcset=\"https:\/\/www.laysalvatorians.org\/spiritual\/wp-content\/uploads\/2020\/03\/Image11-300x23.png 300w, https:\/\/www.laysalvatorians.org\/spiritual\/wp-content\/uploads\/2020\/03\/Image11.png 694w\" sizes=\"auto, (max-width: 300px) 100vw, 300px\" \/><\/p>\n<h3 align=\"justify\"><a id=\"header3\"><\/a>Deutsch<\/h3>\n<h3 lang=\"de-AT\"><i><b><span style=\"font-family: Trebuchet MS,Geneva; color: #0000ff;\">5. Station: Simon hilft Jesus das Kreuz tragen<\/span><br \/>\n<\/b><\/i><\/h3>\n<h4 align=\"left\"><strong><span style=\"font-family: Trebuchet MS,Geneva; color: #0000ff;\">Mittragen &#8230;<\/span><\/strong><b><\/b><\/h4>\n<p lang=\"de-AT\" align=\"justify\">&#8220;Einen Mann, der gerade vom Feld kam, Simon von Zyrene, den Vater des Alexander und des Rufus, zwangen sie, sein Kreuz zu tragen.&#8221; (Markus 15,21)<\/p>\n<p align=\"justify\"><span style=\"font-family: Trebuchet MS,Geneva;\"><span lang=\"de-AT\">Der Weg Jesu kreuzt sich mit dem Weg des \u00fcberraschten Bauern Simon. Dieser ist vielleicht <\/span><span lang=\"de-AT\">m\u00fcde von der Arbeit und <\/span><span lang=\"de-AT\">auf dem Weg nach Hause. Jetzt soll er einem &#8220;Verbrecher&#8221; den Balken nachtragen. Simon <\/span><span style=\"font-size: small;\"><span lang=\"de-AT\">hat keine Ahnung<\/span><\/span><span lang=\"de-AT\">, wer dieser zum Tod Verurteilte <\/span><span lang=\"de-AT\">ist,<\/span> <span lang=\"de-AT\">und wie er <\/span><span lang=\"de-AT\">sich <\/span><span lang=\"de-AT\">so pl\u00f6tzlich und unbedarft in diese Situation <\/span><span lang=\"de-AT\">wiederfindet<\/span><span lang=\"de-AT\">. Angesichts der <\/span><span lang=\"de-AT\">umgebenden <\/span><span lang=\"de-AT\">Gewalt nimmt er fraglos das schwere Holz auf sich und begleitet Je<\/span><span lang=\"de-AT\">s<\/span><span lang=\"de-AT\">us auf seinem letzten Weg.<\/span><\/span><\/p>\n<p align=\"justify\"><span style=\"font-family: Trebuchet MS,Geneva;\"><span lang=\"de-AT\">Viele Menschen leisten t\u00e4glich mehr oder weniger freiwillig Hilfe, begleiten Kranke oder Sterbende in ihren schweren Stunden \u2013 manchmal auch wenig <\/span><span lang=\"de-AT\">oder gar nicht <\/span><span lang=\"de-AT\">bedankt. Die obige Geschichte erz\u00e4hlt uns, dass Simon durch dieses (Mit-)Tragen ver\u00e4ndert wurde. Wie werden wir ver\u00e4ndert, wenn wir andere mit ihrer Last nicht alleine lassen? Wenn wir &#8211; ohne lange zu fragen &#8211; den Bedr\u00e4ngten zur Seite stehen? Wenn wir (einfach) da sind, die Last auf uns nehmen und mittragen?<\/span><\/span><\/p>\n<p align=\"justify\">\u201e <i><span lang=\"de-AT\">Geteiltes Leid ist halbes Leid\u201c, <\/span><span lang=\"de-AT\">l\u00e4sst Du mir Herr, hier <\/span><span lang=\"de-AT\">neu in den Sinn kommen. D<\/span><span lang=\"de-AT\">enn d<\/span><span lang=\"de-AT\">ort wo sich Leid auf viele verteilt, wird es f\u00fcr den Einzelnen auch wieder tragbar. <\/span><span lang=\"de-AT\">Ich bitte Dich nochmals um Kraft und Mut, <\/span><span lang=\"de-AT\">Solidarit\u00e4t <\/span><span lang=\"de-AT\">zu <\/span><span lang=\"de-AT\">leben, <\/span><span lang=\"de-AT\">denn es<\/span><span lang=\"de-AT\"> zahlt sich aus \u2013 f\u00fcr ALLE.<\/span><\/i><\/p>\n<p><img loading=\"lazy\" decoding=\"async\" class=\"aligncenter wp-image-434 size-medium\" style=\"border: 0px solid #000000;\" src=\"https:\/\/www.laysalvatorians.org\/spiritual\/wp-content\/uploads\/2020\/03\/Image11-300x23.png\" alt=\"\" width=\"300\" height=\"23\" srcset=\"https:\/\/www.laysalvatorians.org\/spiritual\/wp-content\/uploads\/2020\/03\/Image11-300x23.png 300w, https:\/\/www.laysalvatorians.org\/spiritual\/wp-content\/uploads\/2020\/03\/Image11.png 694w\" sizes=\"auto, (max-width: 300px) 100vw, 300px\" \/><\/p>\n<h3 align=\"justify\"><a id=\"header4\"><\/a>Vlaams<\/h3>\n<h3><strong><span style=\"color: #0000ff;\"><em><span style=\"font-family: Trebuchet MS,Geneva;\">5. Station: <span style=\"font-size: large;\">Simon helpt Jezus om het kruis te dragen<\/span><\/span><\/em><\/span><\/strong><\/h3>\n<h4><strong><span style=\"font-family: Trebuchet MS,Geneva; color: #0000ff;\">Meegaan met &#8230;<\/span><\/strong><\/h4>\n<p><span style=\"font-family: Georgia,Palatino;\">\u201e<i>Ze drongen aan dat een voorbijganger, Simon, een Cyreni\u00ebr, de vader van Alexander en Rufus, die van het land kwam, om zijn kruis te helpen dragen.\u201d (Markus 15:21)<\/i><\/span><\/p>\n<p><span style=\"font-family: Trebuchet MS,Geneva;\">De weg van Jezus kruist de weg van de verbaasde boer Simon. Hij is misschien moe van zijn werk en op weg naar huis. Nu moet hij de executiebundel van een &#8220;crimineel&#8221; dragen. Simon heeft geen idee wie die ter dood veroordeelde is. Hij voelt zich in deze situatie verbaasd en onervaren. Geconfronteerd met het omringende geweld, neemt hij zonder twijfel de zware taak op zich en vergezelt Jezus op zijn laatste reis.<\/span><\/p>\n<p><span style=\"font-family: Trebuchet MS,Geneva;\">Veel mensen bieden min of meer vrijwillig dagelijks hulp, begeleiden zieke of stervende mensen in hun moeilijke uren &#8211; soms met weinig of geen dank. Bovenstaand verhaal vertelt ons dat Simon door deze ondersteuning is veranderd. Hoe veranderen wij als we anderen niet alleen laten met hun last? Als we &#8211; zonder lange vragen te stellen &#8211; aan de kant staan \u200b\u200bvan degenen die worden belast? Als we er (gewoon) zijn, de last op ons nemen en met ons meedragen?<\/span><\/p>\n<p><span style=\"font-family: Georgia,Palatino;\"><i>&#8216;Een gedeeld verdriet is een gehalveerd verdriet.&#8217; Met deze woorden geef je mij, Heer, een nieuwe motivatie. Want waar het lijden onder velen wordt verdeeld, wordt het weer draaglijk voor het individu. Ik vraag U nogmaals om kracht en moed om in solidariteit te leven, want het loont &#8211; voor ALLEN.<\/i><\/span><\/p>\n<p><img loading=\"lazy\" decoding=\"async\" class=\"aligncenter wp-image-434 size-medium\" style=\"border: 0px solid #000000;\" src=\"https:\/\/www.laysalvatorians.org\/spiritual\/wp-content\/uploads\/2020\/03\/Image11-300x23.png\" alt=\"\" width=\"300\" height=\"23\" srcset=\"https:\/\/www.laysalvatorians.org\/spiritual\/wp-content\/uploads\/2020\/03\/Image11-300x23.png 300w, https:\/\/www.laysalvatorians.org\/spiritual\/wp-content\/uploads\/2020\/03\/Image11.png 694w\" sizes=\"auto, (max-width: 300px) 100vw, 300px\" \/><\/p>\n<h3><a id=\"header5\"><\/a>Fran\u00e7ais<\/h3>\n<h3><strong><span style=\"color: #0000ff;\"><em><span style=\"font-family: Trebuchet MS,Geneva;\">5. Station: <span style=\"font-size: large;\"><span lang=\"fr-FR\">Simon aide J\u00e9sus \u00e0 porter la croix<\/span><\/span><\/span><\/em><\/span><\/strong><\/h3>\n<h4><strong><span style=\"font-family: Trebuchet MS,Geneva; color: #0000ff;\"><span style=\"font-size: medium;\"><span lang=\"fr-FR\">Allez avec &#8230;<\/span><\/span><\/span><\/strong><\/h4>\n<p><span style=\"font-family: Georgia,Palatino; font-size: 12pt;\"><span lang=\"fr-FR\"><i>&#8220;Ils ont insist\u00e9 pour qu&#8217;un passant, Simon, un Cyr\u00e9nien, le p\u00e8re d&#8217;Alexandre et de Rufus, qui venait du pays, l&#8217;aide \u00e0 porter sa croix.&#8221; (Marc 15:21)<\/i><\/span><\/span><\/p>\n<p><span style=\"font-family: Trebuchet MS,Geneva; font-size: 12pt;\"><span lang=\"fr-FR\">Le chemin de J\u00e9sus croise le chemin du fermier \u00e9tonn\u00e9 Simon. Il peut \u00eatre fatigu\u00e9 du travail et sur le chemin du retour. Maintenant, il doit porter le paquet d&#8217;ex\u00e9cution d&#8217;un &#8220;criminel&#8221;. Simon n&#8217;a aucune id\u00e9e de qui a \u00e9t\u00e9 condamn\u00e9 \u00e0 mort. Il se sent surpris et inexp\u00e9riment\u00e9 dans cette situation. Confront\u00e9 \u00e0 la violence environnante, il assume sans aucun doute la t\u00e2che ardue et accompagne J\u00e9sus dans son dernier voyage.<\/span><\/span><\/p>\n<p><span style=\"font-family: Trebuchet MS,Geneva; font-size: 12pt;\"><span lang=\"fr-FR\">De nombreuses personnes fournissent une aide quotidienne plus ou moins volontaire, guidant des personnes malades ou mourantes dans leurs heures difficiles &#8211; parfois avec peu ou pas de remerciements. <\/span><span lang=\"fr-FR\">L&#8217;histoire ci-dessus nous dit que Simon a chang\u00e9 \u00e0 cause de ce soutien. <\/span><span lang=\"fr-FR\">Comment changeons-nous si nous ne laissons pas les autres seuls avec leur fardeau? Si nous &#8211; sans poser de longues questions &#8211; sommes du c\u00f4t\u00e9 des responsables? Si nous sommes (juste) l\u00e0, prenez le fardeau et emportez-le avec nous?<\/span><\/span><\/p>\n<p><span style=\"font-family: Georgia,Palatino; font-size: 12pt;\"><span lang=\"fr-FR\"><i>&#8220;Une douleur partag\u00e9e est une douleur divis\u00e9e par deux.&#8221; Avec ces mots, vous me donnez, Seigneur, une nouvelle motivation. Car l\u00e0 o\u00f9 la souffrance est r\u00e9partie entre plusieurs, elle redevient supportable pour l&#8217;individu. Je vous demande encore une fois la force et le courage de vivre dans la solidarit\u00e9, parce que cela rapporte &#8211; pour TOUS.<\/i><\/span><\/span><\/p>\n<p>&nbsp;<\/p>\n<p><span style=\"font-family: Andale Mono,Times; font-size: 8pt;\"><span lang=\"de-AT\">Picture origin: &#8220;<\/span><span lang=\"de-AT\">Way of the cross,<\/span> <span lang=\"de-AT\">5<\/span><span lang=\"de-AT\">. <\/span><span lang=\"de-AT\">s<\/span><span lang=\"de-AT\">tation, Glas image in glas glue technique by Franz D\u00e9ed (1901 &#8211; 1983), after a meditation of Paul Claudel (1868 \u2013 1955), <\/span><span lang=\"de-AT\">Church of the Savior, Vienna \u2013 Austria,<\/span> <span lang=\"de-AT\">Ph<\/span><span lang=\"de-AT\">oto <\/span><span lang=\"de-AT\">by<\/span><span lang=\"de-AT\"> Camillo Patzl, frame modified by creativegreen&#8221;<\/span><\/span><\/p>\n<p>&nbsp;<\/p>\n","protected":false},"excerpt":{"rendered":"<p>English &#8211; Espa\u00f1ol &#8211; Deutsch &#8211; Vlaams &#8211; Fran\u00e7ais English Station 5: Simon helps Jesus to carry the cross &nbsp; &nbsp; &nbsp; Going Along With &#8230; \u201eThey pressed into service a passer-by, Simon, a Cyrenian, who was coming in from &hellip;<\/p>\n<p><a href=\"https:\/\/www.laysalvatorians.org\/spiritual\/icds-way-of-the-cross-2020-5\/\">Continue Reading<span class=\"meta-nav\">&rarr;<\/span><\/a><\/p>\n","protected":false},"author":2,"featured_media":0,"comment_status":"open","ping_status":"open","sticky":false,"template":"","format":"standard","meta":{"ngg_post_thumbnail":0,"footnotes":""},"categories":[4,5,3],"tags":[31,26],"class_list":["post-474","post","type-post","status-publish","format-standard","hentry","category-inspiration","category-motivation","category-prayer","tag-going-along-with","tag-way-of-the-cross"],"post_mailing_queue_ids":[],"_links":{"self":[{"href":"https:\/\/www.laysalvatorians.org\/spiritual\/wp-json\/wp\/v2\/posts\/474","targetHints":{"allow":["GET"]}}],"collection":[{"href":"https:\/\/www.laysalvatorians.org\/spiritual\/wp-json\/wp\/v2\/posts"}],"about":[{"href":"https:\/\/www.laysalvatorians.org\/spiritual\/wp-json\/wp\/v2\/types\/post"}],"author":[{"embeddable":true,"href":"https:\/\/www.laysalvatorians.org\/spiritual\/wp-json\/wp\/v2\/users\/2"}],"replies":[{"embeddable":true,"href":"https:\/\/www.laysalvatorians.org\/spiritual\/wp-json\/wp\/v2\/comments?post=474"}],"version-history":[{"count":13,"href":"https:\/\/www.laysalvatorians.org\/spiritual\/wp-json\/wp\/v2\/posts\/474\/revisions"}],"predecessor-version":[{"id":547,"href":"https:\/\/www.laysalvatorians.org\/spiritual\/wp-json\/wp\/v2\/posts\/474\/revisions\/547"}],"wp:attachment":[{"href":"https:\/\/www.laysalvatorians.org\/spiritual\/wp-json\/wp\/v2\/media?parent=474"}],"wp:term":[{"taxonomy":"category","embeddable":true,"href":"https:\/\/www.laysalvatorians.org\/spiritual\/wp-json\/wp\/v2\/categories?post=474"},{"taxonomy":"post_tag","embeddable":true,"href":"https:\/\/www.laysalvatorians.org\/spiritual\/wp-json\/wp\/v2\/tags?post=474"}],"curies":[{"name":"wp","href":"https:\/\/api.w.org\/{rel}","templated":true}]}}