{"id":441,"date":"2020-03-29T00:01:07","date_gmt":"2020-03-28T23:01:07","guid":{"rendered":"https:\/\/www.laysalvatorians.org\/spiritual\/?p=441"},"modified":"2020-03-31T11:26:26","modified_gmt":"2020-03-31T09:26:26","slug":"icds-way-of-the-cross-2020-2","status":"publish","type":"post","link":"https:\/\/www.laysalvatorians.org\/spiritual\/icds-way-of-the-cross-2020-2\/","title":{"rendered":"ICDS Way of the Cross \u2013 2020\/2"},"content":{"rendered":"\n\n<div class=\"kk-star-ratings kksr-auto kksr-align-right kksr-valign-top\"\n    data-payload='{&quot;align&quot;:&quot;right&quot;,&quot;id&quot;:&quot;441&quot;,&quot;slug&quot;:&quot;default&quot;,&quot;valign&quot;:&quot;top&quot;,&quot;ignore&quot;:&quot;&quot;,&quot;reference&quot;:&quot;auto&quot;,&quot;class&quot;:&quot;&quot;,&quot;count&quot;:&quot;0&quot;,&quot;legendonly&quot;:&quot;&quot;,&quot;readonly&quot;:&quot;&quot;,&quot;score&quot;:&quot;0&quot;,&quot;starsonly&quot;:&quot;&quot;,&quot;best&quot;:&quot;5&quot;,&quot;gap&quot;:&quot;5&quot;,&quot;greet&quot;:&quot;Rate this post&quot;,&quot;legend&quot;:&quot;0\\\/5 - (0 votes)&quot;,&quot;size&quot;:&quot;24&quot;,&quot;title&quot;:&quot;ICDS Way of the Cross \u2013 2020\\\/2&quot;,&quot;width&quot;:&quot;0&quot;,&quot;_legend&quot;:&quot;{score}\\\/{best} - ({count} {votes})&quot;,&quot;font_factor&quot;:&quot;1.25&quot;}'>\n            \n<div class=\"kksr-stars\">\n    \n<div class=\"kksr-stars-inactive\">\n            <div class=\"kksr-star\" data-star=\"1\" style=\"padding-right: 5px\">\n            \n\n<div class=\"kksr-icon\" style=\"width: 24px; height: 24px;\"><\/div>\n        <\/div>\n            <div class=\"kksr-star\" data-star=\"2\" style=\"padding-right: 5px\">\n            \n\n<div class=\"kksr-icon\" style=\"width: 24px; height: 24px;\"><\/div>\n        <\/div>\n            <div class=\"kksr-star\" data-star=\"3\" style=\"padding-right: 5px\">\n            \n\n<div class=\"kksr-icon\" style=\"width: 24px; height: 24px;\"><\/div>\n        <\/div>\n            <div class=\"kksr-star\" data-star=\"4\" style=\"padding-right: 5px\">\n            \n\n<div class=\"kksr-icon\" style=\"width: 24px; height: 24px;\"><\/div>\n        <\/div>\n            <div class=\"kksr-star\" data-star=\"5\" style=\"padding-right: 5px\">\n            \n\n<div class=\"kksr-icon\" style=\"width: 24px; height: 24px;\"><\/div>\n        <\/div>\n    <\/div>\n    \n<div class=\"kksr-stars-active\" style=\"width: 0px;\">\n            <div class=\"kksr-star\" style=\"padding-right: 5px\">\n            \n\n<div class=\"kksr-icon\" style=\"width: 24px; height: 24px;\"><\/div>\n        <\/div>\n            <div class=\"kksr-star\" style=\"padding-right: 5px\">\n            \n\n<div class=\"kksr-icon\" style=\"width: 24px; height: 24px;\"><\/div>\n        <\/div>\n            <div class=\"kksr-star\" style=\"padding-right: 5px\">\n            \n\n<div class=\"kksr-icon\" style=\"width: 24px; height: 24px;\"><\/div>\n        <\/div>\n            <div class=\"kksr-star\" style=\"padding-right: 5px\">\n            \n\n<div class=\"kksr-icon\" style=\"width: 24px; height: 24px;\"><\/div>\n        <\/div>\n            <div class=\"kksr-star\" style=\"padding-right: 5px\">\n            \n\n<div class=\"kksr-icon\" style=\"width: 24px; height: 24px;\"><\/div>\n        <\/div>\n    <\/div>\n<\/div>\n                \n\n<div class=\"kksr-legend\" style=\"font-size: 19.2px;\">\n            <span class=\"kksr-muted\">Rate this post<\/span>\n    <\/div>\n    <\/div>\n<p style=\"text-align: center;\"><a href=\"#header 1\">English <\/a>&#8211; <a href=\"#header2\">Espa\u00f1ol<\/a> &#8211; <a href=\"#header3\">Deutsch<\/a> &#8211; <a href=\"#header4\">Vlaams<\/a> &#8211; <a href=\"#header5\">Fran\u00e7ais<\/a><\/p>\n<h3><a id=\"header1\"><\/a>English<\/h3>\n<h3><span style=\"color: #0000ff; font-family: Trebuchet MS,Geneva;\"><i><b><span lang=\"de-AT\">Station 2: <\/span><\/b><\/i><span style=\"font-size: 14pt;\"><i><b>Jesus takes the cross on his shoulders<\/b><\/i><\/span><\/span><\/h3>\n<p>&nbsp;<\/p>\n<h4 align=\"left\"><img loading=\"lazy\" decoding=\"async\" class=\"aligncenter size-medium wp-image-443\" src=\"https:\/\/www.laysalvatorians.org\/spiritual\/wp-content\/uploads\/2020\/03\/02.-Station-300x300.png\" alt=\"\" width=\"300\" height=\"300\" srcset=\"https:\/\/www.laysalvatorians.org\/spiritual\/wp-content\/uploads\/2020\/03\/02.-Station-300x300.png 300w, https:\/\/www.laysalvatorians.org\/spiritual\/wp-content\/uploads\/2020\/03\/02.-Station-150x150.png 150w, https:\/\/www.laysalvatorians.org\/spiritual\/wp-content\/uploads\/2020\/03\/02.-Station.png 434w\" sizes=\"auto, (max-width: 300px) 100vw, 300px\" \/><\/h4>\n<p>&nbsp;<\/p>\n<h4 align=\"justify\"><span style=\"color: #0000ff; font-family: Trebuchet MS,Geneva;\"><b>B<\/b><b>earing and <\/b><b>E<\/b><b>nduring <\/b><b> &#8230;<\/b><\/span><\/h4>\n<p class=\"western\"><i>Jesus is <\/i><i>forced to carry <\/i><i>the crossbeam on which he is to be crucified. Without resisting, he carries it like the other two accused. Doesn&#8217;t this remind us of his earlier enigmatic message: &#8220;&#8221;Whoever wishes to come after me must deny himself, take up his cross, and follow me &#8220;? <\/i><i>(<\/i><span style=\"font-family: Andale Sans, sans-serif;\"><span style=\"font-size: small;\"><i>comp<\/i><\/span><\/span><i>. M<\/i><i>a<\/i><i>t<\/i><i>t<\/i><i> 16:24)<\/i><\/p>\n<p align=\"justify\"><span style=\"font-family: Trebuchet MS,Geneva;\">Taking life as it is. &#8211; every human dreams of a bright future, of a fulfilled life. But the reality is different for most people. The words from above sound hard, they admonish us and do not invite us to take the easy way. Let us remember the pictures from the newspapers and news. &#8211; Sisters and brothers who are persecuted, humiliated, killed because of their race, their faith, their skin colour. &#8211; People who even today are traded like cattle, exploited and abused as modern slaves. &#8211; Children who have their lives taken away before it has even begun. &#8211; People who have to live in and with conflicts for which they themselves are not to blame.<\/span><!--more--><\/p>\n<p align=\"justify\"><span style=\"font-family: Trebuchet MS,Geneva;\">Last but not least, the other living beings of this earth should also be remembered at this point &#8211; what agonies do we human beings put them through? &#8211; How much do we persecute them and exploit them &#8211; often without worrying about the fact that they too, are creatures of God, like us. If we carefully read the Holy Scriptures and say nothing about the fact that we may exploit, abuse or even kill them for our own pleasure or to satisfy our greed!<\/span><\/p>\n<p align=\"justify\"><i>O Lord, give <\/i><span style=\"font-family: Andale Sans, sans-serif;\"><span style=\"font-size: small;\"><i>me<\/i><\/span><\/span><i> humility and respect for all creatures. Let me recognize the miracle of life in everything, and let me know that I am in Your hand<\/i><i>s<\/i><i> even when this life seems to run against me.<\/i><\/p>\n<p>&nbsp;<\/p>\n<p><img loading=\"lazy\" decoding=\"async\" class=\"aligncenter wp-image-434 size-medium\" style=\"border: 0px solid #000000;\" src=\"https:\/\/www.laysalvatorians.org\/spiritual\/wp-content\/uploads\/2020\/03\/Image11-300x23.png\" alt=\"\" width=\"300\" height=\"23\" srcset=\"https:\/\/www.laysalvatorians.org\/spiritual\/wp-content\/uploads\/2020\/03\/Image11-300x23.png 300w, https:\/\/www.laysalvatorians.org\/spiritual\/wp-content\/uploads\/2020\/03\/Image11.png 694w\" sizes=\"auto, (max-width: 300px) 100vw, 300px\" \/><\/p>\n<h3 align=\"justify\"><a id=\"header2\"><\/a>Espa\u00f1ol<\/h3>\n<h3 align=\"justify\"><em><span style=\"font-family: Trebuchet MS,Geneva;\"><span style=\"color: #0000ff;\">Estaci\u00f3n 2: Jes\u00fas toma la cruz sobre sus hombros<\/span><\/span><br \/>\n<\/em><\/h3>\n<h4 lang=\"de-DE\" align=\"justify\"><span style=\"font-family: Andale Sans,serif; font-size: 12pt; color: #0000ff;\"><b><span style=\"font-family: Trebuchet MS,Geneva;\">Llevandola y soportandola &#8230;<\/span> <\/b><\/span><\/h4>\n<p align=\"justify\"><span style=\"font-family: Georgia,Palatino; font-size: 12pt;\"><span lang=\"de-DE\"><i>Jes\u00fas carga la cruz en la que ser\u00e1 crucificado. Sin resistirse, la lleva como los otros dos acusados. \u00bfNo nos recuerda esto su mensaje enigm\u00e1tico anterior: &#8221; Si alguno quiere venir en pos de m\u00ed, ni\u00e9guese a s\u00ed mismo, y tome su cruz, y s\u00edgame.&#8221;? (<\/i><\/span> Mateo 16:24)<\/span><\/p>\n<p align=\"justify\"><span style=\"font-family: Trebuchet MS,Geneva; font-size: 12pt;\">Tomando la vida como es. &#8211; Todo ser humano sue\u00f1a con un futuro brillante, con una vida plena. Pero la realidad es diferente para la mayor\u00eda de las personas. Las palabras de arriba suenan duras, nos amonestan y no nos invitan a tomar el camino f\u00e1cil. Recordemos las fotos de los peri\u00f3dicos y las noticias. &#8211; Hermanas y hermanos perseguidos, humillados, asesinados por su raza, su fe, su color de piel. &#8211; Las personas que incluso hoy son comercializadas como ganado, explotadas y maltratadas como esclavos modernos. &#8211; Ni\u00f1os a quienes les han quitado la vida incluso antes de que haya comenzado. &#8211; Las personas que tienen que vivir en medio de conflictos de los cuales ellos mismos no tienen la culpa.<\/span><\/p>\n<p align=\"justify\"><span style=\"font-family: Trebuchet MS,Geneva; font-size: 12pt;\">Por \u00faltimo, pero no menos importante, los otros seres vivos de esta tierra tambi\u00e9n deber\u00edan ser recordados en este punto: \u00bf los seres humanos a qu\u00e9 agon\u00edas les sometemos? &#8211; Cu\u00e1nto los perseguimos y los explotamos, a menudo sin preocuparnos por el hecho de que ellos tambi\u00e9n son criaturas de Dios, como nosotros. \u00a1Si leemos cuidadosamente, las Sagradas Escrituras no dicen nada sobre el hecho de que podemos explotarlas, abusarlas o incluso matarlas para nuestro propio placer o para satisfacer nuestra codicia!<\/span><\/p>\n<p align=\"justify\"><span style=\"font-family: Georgia,Palatino; font-size: 12pt;\"><span lang=\"de-DE\"><i>Oh Se\u00f1or, dame humildad y respeto por todas las criaturas. D\u00e9jame reconocer el milagro de la vida en todo, y hazme saber que estoy en tu mano, incluso cuando esta vida parece correr en mi contra.<\/i><\/span><\/span><\/p>\n<p>&nbsp;<\/p>\n<p align=\"justify\"><img loading=\"lazy\" decoding=\"async\" class=\"aligncenter wp-image-434 size-medium\" style=\"border: 0px solid #000000;\" src=\"https:\/\/www.laysalvatorians.org\/spiritual\/wp-content\/uploads\/2020\/03\/Image11-300x23.png\" alt=\"\" width=\"300\" height=\"23\" srcset=\"https:\/\/www.laysalvatorians.org\/spiritual\/wp-content\/uploads\/2020\/03\/Image11-300x23.png 300w, https:\/\/www.laysalvatorians.org\/spiritual\/wp-content\/uploads\/2020\/03\/Image11.png 694w\" sizes=\"auto, (max-width: 300px) 100vw, 300px\" \/><\/p>\n<h3 align=\"justify\"><a id=\"header3\"><\/a>Deutsch<\/h3>\n<h3 lang=\"de-AT\"><i><b><span style=\"font-family: Trebuchet MS,Geneva; color: #0000ff;\">2. Station: Jesus nimmt das Kreuz auf seine Schultern<\/span><br \/>\n<\/b><\/i><\/h3>\n<h4 align=\"left\"><span style=\"font-family: Trebuchet MS,Geneva; color: #0000ff;\"><b>Tragen und ertragen &#8230;<\/b><\/span><b><\/b><\/h4>\n<p class=\"western\"><span style=\"font-family: Trebuchet MS,Geneva;\">Jesus wird der Querbalken aufgeladen, an dem er gekreuzigt werden soll. Ohne sich zu wehren, tr\u00e4gt er ihn wie die beiden anderen Angeklagten. Erinnert uns das nicht an seine fr\u00fchere r\u00e4tselhafte Botschaft:<\/span> <i>&#8220;Wer mein J\u00fcnger, meine J\u00fcngerin, sein will, nehme sein, nehme ihr Kreuz auf sich und folge mir nach &#8230;&#8221;<\/i>? (Vgl. Mt 16,24)<\/p>\n<p align=\"justify\"><span style=\"font-family: Trebuchet MS,Geneva;\">Das Leben annehmen, so wie es ist. \u2013 Jeder Mensch tr\u00e4umt von einer sch\u00f6nen Zukunft, von einem erf\u00fcllten Leben. Doch die Realit\u00e4t sieht f\u00fcr die meisten anders aus. Die Worte von oben klingen hart, sie mahnen uns und laden nicht auf einen einfachen Weg ein. Erinnern wir uns an die Bilder aus den Zeitungen und Nachrichten. &#8211; Schwestern und Br\u00fcder, die wegen ihrer Rasse, ihres Glaubens, ihrer Hautfarbe willen verfolgt, gedem\u00fctigt, get\u00f6tet werden. \u2013 Menschen, die auch heute wie Vieh gehandelt, als moderne Sklaven ausgebeutet und missbraucht werden. &#8211; Kinder, denen das Leben genommen wird, bevor es noch richtig begonnen hat. \u2013 Menschen die in und mit Konflikten leben m\u00fcssen, die sie selbst nicht verschuldet haben.<\/span><\/p>\n<p align=\"justify\"><span style=\"font-family: Trebuchet MS,Geneva;\">Nicht zuletzt sollte an dieser Stelle auch den anderen Lebewesen dieser Erde gedacht werden \u2013 was b\u00fcrden wir Menschen ihnen f\u00fcr Qualen auf? \u2013 Wie sehr verfolgen wir sie und beuten sie aus \u2013 oftmals ohne uns dar\u00fcber Gedanken zu machen, dass auch sie, wie wir, Gesch\u00f6pfe Gottes sind. Lesen wir genau, so sagt die Hl. Schrift nichts davon, dass wir sie ausbeuten, missbrauchen oder gar zu unserem Spa\u00df oder der Befriedigung unserer Gier t\u00f6ten d\u00fcrfen!<\/span><\/p>\n<p align=\"justify\"><i>O Herr, gib <\/i><span style=\"font-family: Andale Sans, serif;\"><i>mir<\/i><\/span><i> Demut und Achtung vor allen Gesch\u00f6pfen. <\/i><i>Lass mich das Wunder des Lebens in allem erkennen, und mich in Deiner Hand wissen, auch dann, wenn dieses Leben scheinbar gegen mich zu laufen scheint.<\/i><\/p>\n<p>&nbsp;<\/p>\n<p align=\"justify\"><img loading=\"lazy\" decoding=\"async\" class=\"aligncenter wp-image-434 size-medium\" style=\"border: 0px solid #000000;\" src=\"https:\/\/www.laysalvatorians.org\/spiritual\/wp-content\/uploads\/2020\/03\/Image11-300x23.png\" alt=\"\" width=\"300\" height=\"23\" srcset=\"https:\/\/www.laysalvatorians.org\/spiritual\/wp-content\/uploads\/2020\/03\/Image11-300x23.png 300w, https:\/\/www.laysalvatorians.org\/spiritual\/wp-content\/uploads\/2020\/03\/Image11.png 694w\" sizes=\"auto, (max-width: 300px) 100vw, 300px\" \/><\/p>\n<h3 align=\"justify\"><a id=\"header4\"><\/a>Vlaams<\/h3>\n<h3><span style=\"color: #0000ff;\"><em><span style=\"font-family: Trebuchet MS, Geneva;\"><b><span lang=\"de-AT\">Station 2: <\/span><\/b><span style=\"font-size: large;\">Jezus neemt het kruis op zijn schouders<\/span><\/span><\/em><\/span><\/h3>\n<h4><span style=\"font-family: Trebuchet MS, Geneva; color: #0000ff;\"><b><span style=\"color: #0000ff;\">Dragend en duurzaam &#8230;<\/span><br \/>\n<\/b><\/span><\/h4>\n<p><span style=\"font-family: Georgia, Palatino;\"><i>Jezus wordt belast met de dwarsbalk waarop hij moet worden gekruisigd. <\/i><i>Zonder weerstand te bieden, draagt \u200b\u200bhij het zoals de andere twee verdachten. <\/i><\/span><span style=\"font-family: Georgia, Palatino;\"><i>Herinnert dit ons niet aan zijn eerdere raadselachtige boodschap: &#8220;&#8221; Wie na mij wil komen, moet zichzelf verloochenen, zijn kruis opnemen en mij volgen &#8220;? <\/i><\/span><span style=\"font-family: Georgia, Palatino;\"><i>(vgl. Matt 16:24)<\/i><\/span><\/p>\n<p><span style=\"font-family: Trebuchet MS, Geneva;\">Het leven nemen zoals het is. &#8211; Ieder mens droomt van een mooie toekomst, van een vervuld leven. Maar de realiteit is voor de meeste mensen anders. De woorden van boven klinken hard, ze vermanen ons en nodigen ons niet uit om de gemakkelijke weg te nemen. Laten we de foto&#8217;s uit de kranten en het nieuws onthouden. <\/span><span style=\"font-family: Trebuchet MS, Geneva;\">&#8211; Zusters en broers die worden vervolgd, vernederd, vermoord vanwege hun ras, hun geloof, hun huidskleur. <\/span><span style=\"font-family: Trebuchet MS, Geneva;\">&#8211; Mensen die zelfs vandaag de dag als vee worden verhandeld, uitgebuit en misbruikt als moderne slaven. <\/span><span style=\"font-family: Trebuchet MS, Geneva;\">&#8211; Kinderen die hun leven zijn afgenomen voordat het zelfs maar is begonnen. <\/span><span style=\"font-family: Trebuchet MS, Geneva;\">&#8211; Mensen die moeten leven in en met conflicten waar zij zelf geen schuld aan hebben.<\/span><\/p>\n<p><span style=\"font-family: Trebuchet MS, Geneva;\">Last but not least, de andere levende wezens van deze aarde moeten op dit punt ook worden herinnerd <\/span><span style=\"font-family: Trebuchet MS, Geneva;\">&#8211; welke lijdensweg hebben wij mensen hen laten doorstaan? <\/span><span style=\"font-family: Trebuchet MS, Geneva;\">&#8211; Hoe vaak zitten we hen achterna en exploiteren ze <\/span><span style=\"font-family: Trebuchet MS, Geneva;\">vaak zonder ons zorgen te maken dat ook zij schepsels van God zijn, zoals wij. <\/span><span style=\"font-family: Trebuchet MS, Geneva;\">Als we aandachtig lezen, zegt de Heilige Schrift niets over het feit dat we ze mogen uitbuiten, misbruiken of zelfs doden voor ons eigen plezier of om onze hebzucht te bevredigen!<\/span><\/p>\n<p><span style=\"font-family: Cambria, serif;\"><i>Heer, geef me nederigheid en respect voor alle schepselen. Laat me het wonder van het leven in alles herkennen en laat me weten dat ik in Uw hand ben, zelfs wanneer dit leven zich tegen mij lijkt te keren.<\/i><\/span><\/p>\n<p><img loading=\"lazy\" decoding=\"async\" class=\"aligncenter wp-image-434 size-medium\" style=\"border: 0px solid #000000;\" src=\"https:\/\/www.laysalvatorians.org\/spiritual\/wp-content\/uploads\/2020\/03\/Image11-300x23.png\" alt=\"\" width=\"300\" height=\"23\" srcset=\"https:\/\/www.laysalvatorians.org\/spiritual\/wp-content\/uploads\/2020\/03\/Image11-300x23.png 300w, https:\/\/www.laysalvatorians.org\/spiritual\/wp-content\/uploads\/2020\/03\/Image11.png 694w\" sizes=\"auto, (max-width: 300px) 100vw, 300px\" \/><\/p>\n<h3><span style=\"color: #0000ff;\"><em><span style=\"font-family: Trebuchet MS,Geneva;\">2. Station: <span style=\"font-size: large;\"><span lang=\"fr-FR\">J\u00e9sus prend la croix sur ses \u00e9paules<\/span><\/span><\/span><\/em><\/span><\/h3>\n<h4><span style=\"font-family: Trebuchet MS,Geneva; font-size: 12pt; color: #0000ff;\"><span lang=\"fr-FR\"><b>Porteur et durable &#8230;<\/b><\/span><\/span><\/h4>\n<p><span style=\"font-family: Georgia,Palatino; font-size: 12pt;\"><span lang=\"fr-FR\"><i>J\u00e9sus est accus\u00e9 de la barre transversale sur laquelle il doit \u00eatre crucifi\u00e9. <\/i><\/span><span lang=\"fr-FR\"><i>Sans r\u00e9sistance, il le porte comme les deux autres suspects. <\/i><\/span><span lang=\"fr-FR\"><i>Cela ne nous rappelle-t-il pas son message \u00e9nigmatique pr\u00e9c\u00e9dent: &#8220;Celui qui veut venir apr\u00e8s moi doit se renier, prendre sa croix et me suivre&#8221;? <\/i><\/span><span lang=\"fr-FR\"><i>(cf. Matt 16:24)<\/i><\/span><\/span><\/p>\n<p><span style=\"font-family: Trebuchet MS,Geneva; font-size: 12pt;\"><span lang=\"fr-FR\">Prenez la vie telle qu&#8217;elle est. &#8211; Chaque personne r\u00eave d&#8217;un avenir radieux, d&#8217;une vie \u00e9panouie. Mais la r\u00e9alit\u00e9 est diff\u00e9rente pour la plupart des gens. Les mots d&#8217;en haut sonnent dur, ils nous r\u00e9primandent et ne nous invitent pas \u00e0 prendre la voie facile. Souvenons-nous des photos des journaux et des actualit\u00e9s. <\/span>&nbsp;<span lang=\"fr-FR\">&#8211; S\u0153urs et fr\u00e8res qui sont pers\u00e9cut\u00e9s, humili\u00e9s, assassin\u00e9s \u00e0 cause de leur race, de leur religion, de <\/span><span lang=\"fr-FR\">leur couleur de peau. <\/span><span lang=\"fr-FR\">&#8211; Des personnes victimes de la traite, exploit\u00e9es et abus\u00e9es en tant qu&#8217;esclaves modernes, m\u00eame <\/span><span lang=\"fr-FR\">aujourd&#8217;hui. <\/span><span lang=\"fr-FR\">&#8211; Les enfants qui ont pris leur vie avant m\u00eame qu&#8217;elle est commence. <\/span><span lang=\"fr-FR\">&#8211; Les gens qui doivent vivre dans et avec des conflits qu&#8217;ils ne sont pas \u00e0 bl\u00e2mer.<\/span><\/span><\/p>\n<p><span style=\"font-family: Trebuchet MS,Geneva; font-size: 12pt;\"><span lang=\"fr-FR\">Enfin et surtout, les autres cr\u00e9atures vivantes de cette terre doivent \u00e9galement \u00eatre rappel\u00e9es \u00e0 ce stade <\/span><span lang=\"fr-FR\">&#8211; quelle agonie les humains leur ont-ils permis de supporter? <\/span><span lang=\"fr-FR\">&#8211; \u00c0 quelle fr\u00e9quence les poursuivons-nous et les exploitons, souvent sans se soucier qu&#8217;ils sont aussi <\/span><span lang=\"fr-FR\">des cr\u00e9atures de Dieu, comme nous.<\/span><\/span><\/p>\n<p><span style=\"font-family: Trebuchet MS,Geneva; font-size: 12pt;\"><span lang=\"fr-FR\">Si nous lisons attentivement, les Saintes \u00c9critures ne disent rien \u00e0 propos de les exploiter, les abuser ou m\u00eame les tuer pour notre propre plaisir ou pour satisfaire notre cupidit\u00e9!<\/span><\/span><\/p>\n<p><span style=\"font-family: Georgia,Palatino; font-size: 12pt;\"><span lang=\"fr-FR\"><i>Seigneur, donne-moi de l&#8217;humilit\u00e9 et du respect pour toutes les cr\u00e9atures. Permettez-moi de reconna\u00eetre le miracle de la vie en tout et faites-moi savoir que je suis entre vos mains m\u00eame lorsque cette vie semble se retourner contre moi.<\/i><\/span><\/span><\/p>\n<p align=\"justify\"><span style=\"font-size: 8pt; font-family: Terminal,Monaco;\"><span lang=\"de-AT\">Picture source: &#8220;<\/span><span lang=\"de-AT\">Way of the cross,<\/span> <span lang=\"de-AT\">2<\/span><span lang=\"de-AT\">. <\/span><span lang=\"de-AT\">s<\/span><span lang=\"de-AT\">tation, Glas image in glas glue technique by Franz D\u00e9ed (1901 &#8211; 1983), after a meditation of Paul Claudel (1868 \u2013 1955), <\/span><span lang=\"de-AT\">Church of the Savior, Vienna \u2013 Austria,<\/span> <span lang=\"de-AT\">Ph<\/span><span lang=\"de-AT\">oto <\/span><span lang=\"de-AT\">by<\/span><span lang=\"de-AT\"> Camillo Patzl, frame modified by creativegreen&#8221;<\/span><\/span><\/p>\n<p>&nbsp;<\/p>\n","protected":false},"excerpt":{"rendered":"<p>English &#8211; Espa\u00f1ol &#8211; Deutsch &#8211; Vlaams &#8211; Fran\u00e7ais English Station 2: Jesus takes the cross on his shoulders &nbsp; &nbsp; Bearing and Enduring &#8230; Jesus is forced to carry the crossbeam on which he is to be crucified. Without &hellip;<\/p>\n<p><a href=\"https:\/\/www.laysalvatorians.org\/spiritual\/icds-way-of-the-cross-2020-2\/\">Continue Reading<span class=\"meta-nav\">&rarr;<\/span><\/a><\/p>\n","protected":false},"author":2,"featured_media":0,"comment_status":"open","ping_status":"open","sticky":false,"template":"","format":"standard","meta":{"ngg_post_thumbnail":0,"footnotes":""},"categories":[1,4,5,3],"tags":[28,26],"class_list":["post-441","post","type-post","status-publish","format-standard","hentry","category-allgemein","category-inspiration","category-motivation","category-prayer","tag-bearing-and-enduring","tag-way-of-the-cross"],"post_mailing_queue_ids":[],"_links":{"self":[{"href":"https:\/\/www.laysalvatorians.org\/spiritual\/wp-json\/wp\/v2\/posts\/441","targetHints":{"allow":["GET"]}}],"collection":[{"href":"https:\/\/www.laysalvatorians.org\/spiritual\/wp-json\/wp\/v2\/posts"}],"about":[{"href":"https:\/\/www.laysalvatorians.org\/spiritual\/wp-json\/wp\/v2\/types\/post"}],"author":[{"embeddable":true,"href":"https:\/\/www.laysalvatorians.org\/spiritual\/wp-json\/wp\/v2\/users\/2"}],"replies":[{"embeddable":true,"href":"https:\/\/www.laysalvatorians.org\/spiritual\/wp-json\/wp\/v2\/comments?post=441"}],"version-history":[{"count":12,"href":"https:\/\/www.laysalvatorians.org\/spiritual\/wp-json\/wp\/v2\/posts\/441\/revisions"}],"predecessor-version":[{"id":521,"href":"https:\/\/www.laysalvatorians.org\/spiritual\/wp-json\/wp\/v2\/posts\/441\/revisions\/521"}],"wp:attachment":[{"href":"https:\/\/www.laysalvatorians.org\/spiritual\/wp-json\/wp\/v2\/media?parent=441"}],"wp:term":[{"taxonomy":"category","embeddable":true,"href":"https:\/\/www.laysalvatorians.org\/spiritual\/wp-json\/wp\/v2\/categories?post=441"},{"taxonomy":"post_tag","embeddable":true,"href":"https:\/\/www.laysalvatorians.org\/spiritual\/wp-json\/wp\/v2\/tags?post=441"}],"curies":[{"name":"wp","href":"https:\/\/api.w.org\/{rel}","templated":true}]}}